{"id":105,"date":"2020-11-10T20:37:17","date_gmt":"2020-11-10T20:37:17","guid":{"rendered":"http:\/\/kita-stjosef-ab.de\/?p=105"},"modified":"2021-01-08T20:28:37","modified_gmt":"2021-01-08T20:28:37","slug":"informationen-vom-ordnungsamt-zu-martins-veranstaltungen","status":"publish","type":"post","link":"https:\/\/kita-stjosef-ab.de\/?p=105","title":{"rendered":"Informationen vom Ordnungsamt zu Martins-Veranstaltungen"},"content":{"rendered":"\n<p>Sehr geehrte Damen und Herren,<\/p>\n\n\n\n<p>die aktuelle Informationen des Ordnungsamtes der Stadt Aschaffenburg &nbsp;zu St. Martins-Veranstaltungen:<\/p>\n\n\n\n<p>\u201eSoweit es sich bei den <strong>St. Martins-Umz\u00fcgen um religi\u00f6se Zusammenk\u00fcnfte<\/strong> handelt (die in der Regel von Religionsgemeinschaften organisiert werden), die der Aus\u00fcbung des Glaubens im forum externum oder internum dienen, findet \u00a7 6 Satz 1 Nr. 1 bis Nr. 3 der 8. BayIfSMV Anwendung. Es gilt dann:<\/p>\n\n\n\n<ol class=\"wp-block-list\" type=\"a\"><li>in Geb\u00e4uden bestimmt sich die zul\u00e4ssige H\u00f6chstteilnehmerzahl nach der Anzahl der vorhandenen Pl\u00e4tze, bei denen ein Mindestabstand von 1,5 m zu anderen Pl\u00e4tzen gewahrt wird.<br>Zwischen den Teilnehmern ist, soweit diese nicht demselben Hausstand oder einem weiteren Hausstand angeh\u00f6ren, wobei die Anzahl von 10 Personen nicht \u00fcberschritten wird, grunds\u00e4tzlich ein Mindestabstand von 1,5 m einzuhalten.<\/li><\/ol>\n\n\n\n<ol class=\"wp-block-list\" type=\"a\" start=\"2\"><li>im Freien ist grunds\u00e4tzlich zwischen Personen, die nicht demselben Hausstand oder einem weiteren Hausstand angeh\u00f6ren, wobei die Anzahl von 10 Personen nicht \u00fcberschritten wird, ein Mindestabstand von 1,5 m zu wahren.<\/li><li>F\u00fcr die Besucher bzw. Teilnehmer gilt Maskenpflicht, solange sie sich nicht an ihrem Platz befinden.<\/li><\/ol>\n\n\n\n<ol class=\"wp-block-list\" type=\"a\" start=\"4\"><li>Es besteht ein Infektionsschutzkonzept f\u00fcr Gottesdienste oder Zusammenk\u00fcnfte, das die je nach Glaubensgemeinschaft und Ritus m\u00f6glichen Infektionsgefahren minimiert; das Infektionsschutzkonzept ist auf Verlangen der zust\u00e4ndigen Kreisverwaltungsbeh\u00f6rde vorzulegen.<\/li><\/ol>\n\n\n\n<p>Nach der allgemeinen Kontaktbeschr\u00e4nkung ist weiterhin jeder angehalten, die physischen Kontakte zu anderen Menschen auf ein Minimum zu reduzieren und den Personenkreis m\u00f6glichst konstant zu halten, damit das Infektionsrisiko so gering wie m\u00f6glich ist.<\/p>\n\n\n\n<p>Geht es um die <strong>Durchf\u00fchrung eines St. Martins-Laternenumzugs im Kindergarten<\/strong> mit einer Gruppe von zu betreuenden Kindern, so f\u00e4llt dies nicht unter das Veranstaltungsverbot i.S.v \u00a7 5 Abs. 1 der 8. BayIfSMV, sondern der Regelung des \u00a7 19 der 8. BayIfSMV und kann im Rahmen des regul\u00e4ren Betriebs der Kinderbetreuung (Erzieher und Kinder) in der Einrichtung und in ihren festen Gruppen, ohne Teilnahme von Eltern oder weiteren Personen stattfinden. Es steht dann hierbei der Betreuungsaspekt im Vordergrund und nicht der Freizeitcharakter.\u201c<\/p>\n\n\n\n<p>Das Ordnungsamt empfiehlt im Hinblick auf die aktuellen Fallzahlen insbesondere auch in Hinblick auf die Infektionen an Schulen, trotz der rechtlichen Zul\u00e4ssigkeit auf Umz\u00fcge zu verzichten.<\/p>\n","protected":false},"excerpt":{"rendered":"<p>Sehr geehrte Damen und Herren, die aktuelle Informationen des Ordnungsamtes der Stadt Aschaffenburg &nbsp;zu St. Martins-Veranstaltungen: \u201eSoweit es sich bei den St. Martins-Umz\u00fcgen um religi\u00f6se Zusammenk\u00fcnfte handelt (die in der Regel von Religionsgemeinschaften organisiert werden), die der Aus\u00fcbung des Glaubens &hellip; <\/p>\n","protected":false},"author":1,"featured_media":0,"comment_status":"closed","ping_status":"closed","sticky":false,"template":"","format":"standard","meta":{"footnotes":""},"categories":[1],"tags":[],"class_list":["post-105","post","type-post","status-publish","format-standard","hentry","category-uncategorized"],"_links":{"self":[{"href":"https:\/\/kita-stjosef-ab.de\/index.php?rest_route=\/wp\/v2\/posts\/105","targetHints":{"allow":["GET"]}}],"collection":[{"href":"https:\/\/kita-stjosef-ab.de\/index.php?rest_route=\/wp\/v2\/posts"}],"about":[{"href":"https:\/\/kita-stjosef-ab.de\/index.php?rest_route=\/wp\/v2\/types\/post"}],"author":[{"embeddable":true,"href":"https:\/\/kita-stjosef-ab.de\/index.php?rest_route=\/wp\/v2\/users\/1"}],"replies":[{"embeddable":true,"href":"https:\/\/kita-stjosef-ab.de\/index.php?rest_route=%2Fwp%2Fv2%2Fcomments&post=105"}],"version-history":[{"count":3,"href":"https:\/\/kita-stjosef-ab.de\/index.php?rest_route=\/wp\/v2\/posts\/105\/revisions"}],"predecessor-version":[{"id":152,"href":"https:\/\/kita-stjosef-ab.de\/index.php?rest_route=\/wp\/v2\/posts\/105\/revisions\/152"}],"wp:attachment":[{"href":"https:\/\/kita-stjosef-ab.de\/index.php?rest_route=%2Fwp%2Fv2%2Fmedia&parent=105"}],"wp:term":[{"taxonomy":"category","embeddable":true,"href":"https:\/\/kita-stjosef-ab.de\/index.php?rest_route=%2Fwp%2Fv2%2Fcategories&post=105"},{"taxonomy":"post_tag","embeddable":true,"href":"https:\/\/kita-stjosef-ab.de\/index.php?rest_route=%2Fwp%2Fv2%2Ftags&post=105"}],"curies":[{"name":"wp","href":"https:\/\/api.w.org\/{rel}","templated":true}]}}