{"id":124,"date":"2020-12-10T21:35:53","date_gmt":"2020-12-10T21:35:53","guid":{"rendered":"http:\/\/kita-stjosef-ab.de\/?p=124"},"modified":"2021-01-08T20:28:06","modified_gmt":"2021-01-08T20:28:06","slug":"covid-19-fall","status":"publish","type":"post","link":"https:\/\/kita-stjosef-ab.de\/?p=124","title":{"rendered":"Covid-19 Fall &#8211; Update am 11.12.2020"},"content":{"rendered":"\n<p>durch das GA Aschaffenburg ab heute, dem 04.12.2020 bis voraussichtlich zum 14.12.2020 f\u00fcr die betroffenen Kinder und Mitarbeiterinnen aus der Igelgruppe, die als Kontaktpersonen 1 eingestuft wurden, eine h\u00e4usliche Quarant\u00e4ne ausgesprochen.<\/p>\n\n\n\n<p>Alle betroffenen Personen werden im Verlauf per SMS zur Testung in unser CORONA Testzentrum eingeladen, ebenfalls bekommen alle Personen eine Isolationsbescheinigung zugestellt.<\/p>\n\n\n\n<p>UPDATE: Im beigef\u00fcgten Infoblatt (Infoblatt Kontaktpersonen KPI) im letzten Abschnitt ist beschrieben wann die Quarant\u00e4ne der Kontaktpersonen 1 endet.<\/p>\n\n\n\n<p>Alle weiteren Informationen befinden sich hier:<\/p>\n\n\n\n<div class=\"wp-block-file\"><a href=\"http:\/\/kita-stjosef-ab.de\/wp-content\/uploads\/2020\/12\/Merkblatt_Eltern.pdf\">Merkblatt_Eltern<\/a><a href=\"http:\/\/kita-stjosef-ab.de\/wp-content\/uploads\/2020\/12\/Merkblatt_Eltern.pdf\" class=\"wp-block-file__button\" download>Herunterladen<\/a><\/div>\n\n\n\n<div class=\"wp-block-group\"><div class=\"wp-block-group__inner-container is-layout-flow wp-block-group-is-layout-flow\">\n<div class=\"wp-block-file\"><a href=\"http:\/\/kita-stjosef-ab.de\/wp-content\/uploads\/2020\/12\/Ergaenzende-Informationen-Isolation.pdf\">Ergaenzende-Informationen-Isolation<\/a><a href=\"http:\/\/kita-stjosef-ab.de\/wp-content\/uploads\/2020\/12\/Ergaenzende-Informationen-Isolation.pdf\" class=\"wp-block-file__button\" download>Herunterladen<\/a><\/div>\n\n\n\n<div class=\"wp-block-file\"><a href=\"http:\/\/kita-stjosef-ab.de\/wp-content\/uploads\/2020\/12\/Entschaedigungsanspruch.pdf\">Entschaedigungsanspruch<\/a><a href=\"http:\/\/kita-stjosef-ab.de\/wp-content\/uploads\/2020\/12\/Entschaedigungsanspruch.pdf\" class=\"wp-block-file__button\" download>Herunterladen<\/a><\/div>\n<\/div><\/div>\n\n\n\n<div class=\"wp-block-file\"><a href=\"http:\/\/kita-stjosef-ab.de\/wp-content\/uploads\/2020\/12\/Infoblatt_Kontaktpersonen-KPI.pdf\">Infoblatt_Kontaktpersonen-KPI<\/a><a href=\"http:\/\/kita-stjosef-ab.de\/wp-content\/uploads\/2020\/12\/Infoblatt_Kontaktpersonen-KPI.pdf\" class=\"wp-block-file__button\" download>Herunterladen<\/a><\/div>\n","protected":false},"excerpt":{"rendered":"<p>durch das GA Aschaffenburg ab heute, dem 04.12.2020 bis voraussichtlich zum 14.12.2020 f\u00fcr die betroffenen Kinder und Mitarbeiterinnen aus der Igelgruppe, die als Kontaktpersonen 1 eingestuft wurden, eine h\u00e4usliche Quarant\u00e4ne ausgesprochen. Alle betroffenen Personen werden im Verlauf per SMS zur &hellip; <\/p>\n","protected":false},"author":1,"featured_media":0,"comment_status":"closed","ping_status":"closed","sticky":false,"template":"","format":"standard","meta":{"footnotes":""},"categories":[1],"tags":[],"class_list":["post-124","post","type-post","status-publish","format-standard","hentry","category-uncategorized"],"_links":{"self":[{"href":"https:\/\/kita-stjosef-ab.de\/index.php?rest_route=\/wp\/v2\/posts\/124","targetHints":{"allow":["GET"]}}],"collection":[{"href":"https:\/\/kita-stjosef-ab.de\/index.php?rest_route=\/wp\/v2\/posts"}],"about":[{"href":"https:\/\/kita-stjosef-ab.de\/index.php?rest_route=\/wp\/v2\/types\/post"}],"author":[{"embeddable":true,"href":"https:\/\/kita-stjosef-ab.de\/index.php?rest_route=\/wp\/v2\/users\/1"}],"replies":[{"embeddable":true,"href":"https:\/\/kita-stjosef-ab.de\/index.php?rest_route=%2Fwp%2Fv2%2Fcomments&post=124"}],"version-history":[{"count":2,"href":"https:\/\/kita-stjosef-ab.de\/index.php?rest_route=\/wp\/v2\/posts\/124\/revisions"}],"predecessor-version":[{"id":131,"href":"https:\/\/kita-stjosef-ab.de\/index.php?rest_route=\/wp\/v2\/posts\/124\/revisions\/131"}],"wp:attachment":[{"href":"https:\/\/kita-stjosef-ab.de\/index.php?rest_route=%2Fwp%2Fv2%2Fmedia&parent=124"}],"wp:term":[{"taxonomy":"category","embeddable":true,"href":"https:\/\/kita-stjosef-ab.de\/index.php?rest_route=%2Fwp%2Fv2%2Fcategories&post=124"},{"taxonomy":"post_tag","embeddable":true,"href":"https:\/\/kita-stjosef-ab.de\/index.php?rest_route=%2Fwp%2Fv2%2Ftags&post=124"}],"curies":[{"name":"wp","href":"https:\/\/api.w.org\/{rel}","templated":true}]}}